{"id":48234,"date":"2026-04-25T11:00:08","date_gmt":"2026-04-25T16:00:08","guid":{"rendered":"https:\/\/yucatan-noticias.com\/?p=48234"},"modified":"2026-04-26T13:36:23","modified_gmt":"2026-04-26T13:36:23","slug":"melenie-celebra-su-cumpleanos-con-cruz-martinez-exesposo-de-su-mama-pese-a-denuncias-de-alicia-villarreal-por-violencia-domestica","status":"publish","type":"post","link":"https:\/\/yucatan-noticias.com\/?p=48234","title":{"rendered":"Melenie celebra su cumplea\u00f1os con Cruz Mart\u00ednez, exesposo de su mam\u00e1, pese a denuncias de Alicia Villarreal por v\u00eeolenc\u00eea dom\u00e9stica"},"content":{"rendered":"<p>\ud83d\udd38 El productor y cantante confirmo que su hija festej\u00f3 su cumplea\u00f1os con \u00e9l en su casa.<\/p>\n<p>#ESPECT\u00c1CULOS | Melenie Carmona celebr\u00f3 su cumplea\u00f1os n\u00famero 27 con Cruz Mart\u00ednez, la expareja de Alicia Villarreal, en medio del conflicto legal que los famosos cantantes atraviesan.<\/p>\n<p>Fue el pasado 15 de febrero de 2025 cuando Alicia Villarreal denunci\u00f3 a Cruz Mart\u00ednez por presunta v\u00eeolenc\u00eea de g\u00e9nero, indicando que el productor presuntamente intent\u00f3 \u00e2horc\u00e2rl\u00e2 en su residencia de Monterrey.<\/p>\n<p>A trav\u00e9s de una publicaci\u00f3n en Instagram, Melenie Carmona comparti\u00f3 c\u00f3mo pas\u00f3 su cumplea\u00f1os acompa\u00f1ada de Cruz Mart\u00ednez. Ah\u00ed se pudo apreciar que la joven fue festejada con pasteles, donas y un enorme ramo de rosas.<\/p>\n<p>Adem\u00e1s, en la \u00faltima fotograf\u00eda mostr\u00f3 el encuentro que tuvo con la expareja de su mam\u00e1. Melenie Carmona y Cruz Mart\u00ednez se abrazaron mientras ella luci\u00f3 una enorme sonrisa.<\/p>\n<p>Adem\u00e1s, la joven aprovech\u00f3 su publicaci\u00f3n para escribir: \u00abLa publicaci\u00f3n del cumplea\u00f1os\u00bb, acompa\u00f1ada de un emoji de coraz\u00f3n flechado.<\/p>\n<p>Cruz Mart\u00ednez confirm\u00f3 que, pese al conflicto legal que atraviesa con Alicia Villarreal, estuvo con Melenie Carmona el d\u00eda de su cumplea\u00f1os.<\/p>\n<p>Esta no es la primera vez que Melenie Carmona y Cruz Mart\u00ednez se muestran afecto, en abril de 2025, el productor y cantante comparti\u00f3 m\u00e1s de una decena de fotograf\u00edas en sus redes sociales en donde tambi\u00e9n celebr\u00f3 su cumplea\u00f1os.<\/p>\n<p>En las instant\u00e1neas, Cruz Mart\u00ednez y Melenie Carmona demostraron el lazo que formaron al pasar de los a\u00f1os, pues Cruz Mart\u00ednez fue una figura paterna para la tambi\u00e9n creadora de contenido, desde que inici\u00f3 su relaci\u00f3n con Alicia Villarreal.<\/p>\n<p>Ante ello, aquel d\u00eda Cruz Mart\u00ednez tambi\u00e9n le dedic\u00f3 una emotivas palabras a quien llam\u00f3 \u00abla mejor hija\u00bb y su inspiraci\u00f3n en la vida.<\/p>\n<p>\u00abFeliz cumplea\u00f1os, My Baby Girl. Hoy celebro el regalo m\u00e1s grande que la vida me ha dado: t\u00fa. Desde el instante, cambiaste mi vida para siempre. Con tu luz, tu fuerza, tu ternura y tu sonrisa, me ense\u00f1aste lo que significa el amor verdadero\u00bb, se lee al inicio de la publicaci\u00f3n de Cruz Mart\u00ednez.<\/p>\n<p>#MelenieCarmona #Celebr\u00f3 #Cumplea\u00f1os #Con #CruzMart\u00ednez #ExPareja #AliciaVillarreal<\/p>\n","protected":false},"excerpt":{"rendered":"<p>\ud83d\udd38 El productor y cantante confirmo que su hija festej\u00f3 su cumplea\u00f1os con \u00e9l en&#8230;<\/p>\n","protected":false},"author":1,"featured_media":48236,"comment_status":"open","ping_status":"closed","sticky":false,"template":"","format":"standard","meta":{"footnotes":""},"categories":[3],"tags":[],"class_list":["post-48234","post","type-post","status-publish","format-standard","has-post-thumbnail","hentry","category-espectaculos"],"_links":{"self":[{"href":"https:\/\/yucatan-noticias.com\/index.php?rest_route=\/wp\/v2\/posts\/48234","targetHints":{"allow":["GET"]}}],"collection":[{"href":"https:\/\/yucatan-noticias.com\/index.php?rest_route=\/wp\/v2\/posts"}],"about":[{"href":"https:\/\/yucatan-noticias.com\/index.php?rest_route=\/wp\/v2\/types\/post"}],"author":[{"embeddable":true,"href":"https:\/\/yucatan-noticias.com\/index.php?rest_route=\/wp\/v2\/users\/1"}],"replies":[{"embeddable":true,"href":"https:\/\/yucatan-noticias.com\/index.php?rest_route=%2Fwp%2Fv2%2Fcomments&post=48234"}],"version-history":[{"count":1,"href":"https:\/\/yucatan-noticias.com\/index.php?rest_route=\/wp\/v2\/posts\/48234\/revisions"}],"predecessor-version":[{"id":48235,"href":"https:\/\/yucatan-noticias.com\/index.php?rest_route=\/wp\/v2\/posts\/48234\/revisions\/48235"}],"wp:featuredmedia":[{"embeddable":true,"href":"https:\/\/yucatan-noticias.com\/index.php?rest_route=\/wp\/v2\/media\/48236"}],"wp:attachment":[{"href":"https:\/\/yucatan-noticias.com\/index.php?rest_route=%2Fwp%2Fv2%2Fmedia&parent=48234"}],"wp:term":[{"taxonomy":"category","embeddable":true,"href":"https:\/\/yucatan-noticias.com\/index.php?rest_route=%2Fwp%2Fv2%2Fcategories&post=48234"},{"taxonomy":"post_tag","embeddable":true,"href":"https:\/\/yucatan-noticias.com\/index.php?rest_route=%2Fwp%2Fv2%2Ftags&post=48234"}],"curies":[{"name":"wp","href":"https:\/\/api.w.org\/{rel}","templated":true}]}}