{"id":34086,"date":"2025-02-06T11:19:22","date_gmt":"2025-02-06T16:19:22","guid":{"rendered":"https:\/\/yucatan-noticias.com\/?p=34086"},"modified":"2025-02-06T16:19:46","modified_gmt":"2025-02-06T16:19:46","slug":"liquidado-el-incendio-en-el-iztete-informa-geraldine-ponce","status":"publish","type":"post","link":"https:\/\/yucatan-noticias.com\/?p=34086","title":{"rendered":"Liquidado el incendio en el Iztete, informa Geraldine Ponce"},"content":{"rendered":"<p>\ud83d\udd38 Durante 23 horas y media trabaj\u00f3 el personal de Protecci\u00f3n Civil y Bomberos de Tepic, labor que fue reconocida por la presidenta municipal.<\/p>\n<p>#TEPIC | La presidenta municipal de Tepic, Ing. Geraldine Ponce, inform\u00f3 que ha sido extinguido el incendio que inicio desde el pasado martes 04 de febrero en el relleno sanitario de El Iztete.<\/p>\n<p>Al respecto, la alcaldesa Geraldine Ponce reconoci\u00f3 el esfuerzo del personal de Protecci\u00f3n Civil y Bomberos de Tepic, as\u00ed como de otras dependencias, que particip\u00f3 en las labores para controlar el siniestro que duraron 23 horas y media.<\/p>\n<p>\u00abNuestros bomberos lucharon desde anteayer para extinguir este incendio, provocado con alevos\u00eda por alguien que quiso da\u00f1ar a Tepic, y ya el d\u00eda de ayer, pudimos decir: misi\u00f3n cumplida\u00ab, expres\u00f3 la presidenta Geraldine Ponce.<\/p>\n","protected":false},"excerpt":{"rendered":"<p>\ud83d\udd38 Durante 23 horas y media trabaj\u00f3 el personal de Protecci\u00f3n Civil y Bomberos de&#8230;<\/p>\n","protected":false},"author":1,"featured_media":34088,"comment_status":"open","ping_status":"closed","sticky":false,"template":"","format":"standard","meta":{"footnotes":""},"categories":[41],"tags":[],"class_list":["post-34086","post","type-post","status-publish","format-standard","has-post-thumbnail","hentry","category-nayarit"],"_links":{"self":[{"href":"https:\/\/yucatan-noticias.com\/index.php?rest_route=\/wp\/v2\/posts\/34086","targetHints":{"allow":["GET"]}}],"collection":[{"href":"https:\/\/yucatan-noticias.com\/index.php?rest_route=\/wp\/v2\/posts"}],"about":[{"href":"https:\/\/yucatan-noticias.com\/index.php?rest_route=\/wp\/v2\/types\/post"}],"author":[{"embeddable":true,"href":"https:\/\/yucatan-noticias.com\/index.php?rest_route=\/wp\/v2\/users\/1"}],"replies":[{"embeddable":true,"href":"https:\/\/yucatan-noticias.com\/index.php?rest_route=%2Fwp%2Fv2%2Fcomments&post=34086"}],"version-history":[{"count":1,"href":"https:\/\/yucatan-noticias.com\/index.php?rest_route=\/wp\/v2\/posts\/34086\/revisions"}],"predecessor-version":[{"id":34087,"href":"https:\/\/yucatan-noticias.com\/index.php?rest_route=\/wp\/v2\/posts\/34086\/revisions\/34087"}],"wp:featuredmedia":[{"embeddable":true,"href":"https:\/\/yucatan-noticias.com\/index.php?rest_route=\/wp\/v2\/media\/34088"}],"wp:attachment":[{"href":"https:\/\/yucatan-noticias.com\/index.php?rest_route=%2Fwp%2Fv2%2Fmedia&parent=34086"}],"wp:term":[{"taxonomy":"category","embeddable":true,"href":"https:\/\/yucatan-noticias.com\/index.php?rest_route=%2Fwp%2Fv2%2Fcategories&post=34086"},{"taxonomy":"post_tag","embeddable":true,"href":"https:\/\/yucatan-noticias.com\/index.php?rest_route=%2Fwp%2Fv2%2Ftags&post=34086"}],"curies":[{"name":"wp","href":"https:\/\/api.w.org\/{rel}","templated":true}]}}