{"id":29151,"date":"2023-10-06T17:31:38","date_gmt":"2023-10-06T22:31:38","guid":{"rendered":"https:\/\/yucatan-noticias.com\/?p=29151"},"modified":"2023-10-06T22:31:54","modified_gmt":"2023-10-06T22:31:54","slug":"mexico-quiere-que-brasil-colombia-cuba-nicaragua-y-venezuela-acepten-a-sus-migrantes-retornados","status":"publish","type":"post","link":"https:\/\/yucatan-noticias.com\/?p=29151","title":{"rendered":"M\u00e9xico quiere que Brasil, Colombia, Cuba, Nicaragua y Venezuela acepten a sus migrantes retornados"},"content":{"rendered":"<div class=\"jsx-3315747106 \">\n<p>La solicitud del gobierno mexicano se produce en medio de un incremento de los migrantes que atraviesan M\u00e9xico en su intento por llegar a Estados Unidos desde el Caribe, Sudam\u00e9rica y Centroam\u00e9rica.<\/p>\n<\/div>\n<div class=\"jsx-1921398030 newsbody\">\n<div class=\"jsx-670345696 share fixed\">\n<div class=\"jsx-670345696 \"><\/div>\n<\/div>\n<div class=\"jsx-1921398030\">\n<div class=\"jsx-1020194127\">\n<p class=\"jsx-3954459878\">El gobierno de M\u00e9xico busca que los gobiernos de Brasil, Colombia, Cuba, Nicaragua y Venezuela acepten los vuelos de retorno de sus migrantes desde territorio mexicano, dijo el<strong>\u00a0Instituto Nacional de Migraci\u00f3n<\/strong>\u00a0(INM).<\/p>\n<div id=\"espacio_teads\" class=\"jsx-1020194127 adNewChild fi-aic_250\"><\/div>\n<p class=\"jsx-3954459878\">Las gestiones, que el INM solicit\u00f3 iniciar a la canciller\u00eda, se producen en medio de un incremento de los migrantes que atraviesan M\u00e9xico en su intento por llegar a Estados Unidos desde el Caribe, Sudam\u00e9rica y Centroam\u00e9rica.<\/p>\n<p class=\"jsx-3954459878\">El INM detall\u00f3 que del 1 de enero al 3 de octubre identific\u00f3 a casi<strong>\u00a01.6 millones\u00a0<\/strong>de \u00abpersonas extranjeras irregulares\u00bb en el pa\u00eds, de los que\u00a0<strong>138,251 eran menores de edad<\/strong>.<\/p>\n<p class=\"jsx-3954459878\">El Instituto Nacional de Migraci\u00f3n anunci\u00f3 que\u00a0<strong>est\u00e1 buscando terreno<\/strong>\u00a0para instalar un albergue que asista a familias y menores de edad en\u00a0<strong>Ciudad Ju\u00e1rez<\/strong>, en la franja lim\u00edtrofe con Estados Unidos.<\/p>\n<p class=\"jsx-3954459878 fi-aic_250\">Adem\u00e1s, asegur\u00f3 que contrat\u00f3 vuelos ch\u00e1rter y veh\u00edculos para el traslado de migrantes a otras entidades del pa\u00eds o para llevarlos a sus naciones de origen.<\/p>\n<\/div>\n<\/div>\n<\/div>\n","protected":false},"excerpt":{"rendered":"<p>La solicitud del gobierno mexicano se produce en medio de un incremento de los migrantes&#8230;<\/p>\n","protected":false},"author":1,"featured_media":29153,"comment_status":"open","ping_status":"closed","sticky":false,"template":"","format":"standard","meta":{"footnotes":""},"categories":[2],"tags":[],"class_list":["post-29151","post","type-post","status-publish","format-standard","has-post-thumbnail","hentry","category-nacional"],"_links":{"self":[{"href":"https:\/\/yucatan-noticias.com\/index.php?rest_route=\/wp\/v2\/posts\/29151","targetHints":{"allow":["GET"]}}],"collection":[{"href":"https:\/\/yucatan-noticias.com\/index.php?rest_route=\/wp\/v2\/posts"}],"about":[{"href":"https:\/\/yucatan-noticias.com\/index.php?rest_route=\/wp\/v2\/types\/post"}],"author":[{"embeddable":true,"href":"https:\/\/yucatan-noticias.com\/index.php?rest_route=\/wp\/v2\/users\/1"}],"replies":[{"embeddable":true,"href":"https:\/\/yucatan-noticias.com\/index.php?rest_route=%2Fwp%2Fv2%2Fcomments&post=29151"}],"version-history":[{"count":1,"href":"https:\/\/yucatan-noticias.com\/index.php?rest_route=\/wp\/v2\/posts\/29151\/revisions"}],"predecessor-version":[{"id":29152,"href":"https:\/\/yucatan-noticias.com\/index.php?rest_route=\/wp\/v2\/posts\/29151\/revisions\/29152"}],"wp:featuredmedia":[{"embeddable":true,"href":"https:\/\/yucatan-noticias.com\/index.php?rest_route=\/wp\/v2\/media\/29153"}],"wp:attachment":[{"href":"https:\/\/yucatan-noticias.com\/index.php?rest_route=%2Fwp%2Fv2%2Fmedia&parent=29151"}],"wp:term":[{"taxonomy":"category","embeddable":true,"href":"https:\/\/yucatan-noticias.com\/index.php?rest_route=%2Fwp%2Fv2%2Fcategories&post=29151"},{"taxonomy":"post_tag","embeddable":true,"href":"https:\/\/yucatan-noticias.com\/index.php?rest_route=%2Fwp%2Fv2%2Ftags&post=29151"}],"curies":[{"name":"wp","href":"https:\/\/api.w.org\/{rel}","templated":true}]}}