{"id":29088,"date":"2023-09-29T18:18:03","date_gmt":"2023-09-29T23:18:03","guid":{"rendered":"https:\/\/yucatan-noticias.com\/?p=29088"},"modified":"2023-09-29T23:18:23","modified_gmt":"2023-09-29T23:18:23","slug":"mexico-explora-la-repatriacion-de-migrantes-a-ecuador-colombia-y-venezuela","status":"publish","type":"post","link":"https:\/\/yucatan-noticias.com\/?p=29088","title":{"rendered":"M\u00e9xico explora la repatriaci\u00f3n de migrantes a Ecuador, Colombia y Venezuela"},"content":{"rendered":"<div class=\"jsx-1020194127\">\n<p class=\"jsx-3954459878\">El gobierno de M\u00e9xico est\u00e1 explorando comenzar a retornar a migrantes por\u00a0<strong>v\u00eda a\u00e9rea a Ecuador, Venezuela y Colombia<\/strong>, una pr\u00e1ctica que ya realiza hacia pa\u00edses de Centroam\u00e9rica, dijo la canciller mexicana,\u00a0<strong>Alicia B\u00e1rcena<\/strong>.<\/p>\n<div id=\"espacio_teads\" class=\"jsx-1020194127 adNewChild\"><\/div>\n<p class=\"jsx-3954459878\">Como parte de su colaboraci\u00f3n con Washington para frenar los crecientes flujos migratorios irregulares hacia la frontera con Estados Unidos, autoridades mexicanas han llevado a cabo desde hace a\u00f1os<strong>\u00a0repatriaciones por aire y por tierra\u00a0<\/strong>de migrantes a pa\u00edses de Centroam\u00e9rica.<\/p>\n<blockquote class=\"jsx-2464929417\">\n<p class=\"jsx-3954459878\">M\u00e9xico est\u00e1 llevando adelante retornos asistidos hacia Guatemala, Honduras, El Salvador; estamos explorando Ecuador, Venezuela y Colombia\u00bb, dijo B\u00e1rcena.<\/p>\n<\/blockquote>\n<p class=\"jsx-3954459878\">B\u00e1rcena inform\u00f3 que actualmente M\u00e9xico lleva a cabo \u00abseis vuelos semanales en el caso de Guatemala, Honduras, El Salvador\u00bb, y reconoci\u00f3 que existe una \u00abcrisis\u00bb migratoria en la frontera mexicano-estadounidense por el aumento de los flujos de personas que tratan de cruzar la l\u00ednea lim\u00edtrofe.<\/p>\n<\/div>\n","protected":false},"excerpt":{"rendered":"<p>El gobierno de M\u00e9xico est\u00e1 explorando comenzar a retornar a migrantes por\u00a0v\u00eda a\u00e9rea a Ecuador,&#8230;<\/p>\n","protected":false},"author":1,"featured_media":29090,"comment_status":"open","ping_status":"closed","sticky":false,"template":"","format":"standard","meta":{"footnotes":""},"categories":[2],"tags":[],"class_list":["post-29088","post","type-post","status-publish","format-standard","has-post-thumbnail","hentry","category-nacional"],"_links":{"self":[{"href":"https:\/\/yucatan-noticias.com\/index.php?rest_route=\/wp\/v2\/posts\/29088","targetHints":{"allow":["GET"]}}],"collection":[{"href":"https:\/\/yucatan-noticias.com\/index.php?rest_route=\/wp\/v2\/posts"}],"about":[{"href":"https:\/\/yucatan-noticias.com\/index.php?rest_route=\/wp\/v2\/types\/post"}],"author":[{"embeddable":true,"href":"https:\/\/yucatan-noticias.com\/index.php?rest_route=\/wp\/v2\/users\/1"}],"replies":[{"embeddable":true,"href":"https:\/\/yucatan-noticias.com\/index.php?rest_route=%2Fwp%2Fv2%2Fcomments&post=29088"}],"version-history":[{"count":1,"href":"https:\/\/yucatan-noticias.com\/index.php?rest_route=\/wp\/v2\/posts\/29088\/revisions"}],"predecessor-version":[{"id":29089,"href":"https:\/\/yucatan-noticias.com\/index.php?rest_route=\/wp\/v2\/posts\/29088\/revisions\/29089"}],"wp:featuredmedia":[{"embeddable":true,"href":"https:\/\/yucatan-noticias.com\/index.php?rest_route=\/wp\/v2\/media\/29090"}],"wp:attachment":[{"href":"https:\/\/yucatan-noticias.com\/index.php?rest_route=%2Fwp%2Fv2%2Fmedia&parent=29088"}],"wp:term":[{"taxonomy":"category","embeddable":true,"href":"https:\/\/yucatan-noticias.com\/index.php?rest_route=%2Fwp%2Fv2%2Fcategories&post=29088"},{"taxonomy":"post_tag","embeddable":true,"href":"https:\/\/yucatan-noticias.com\/index.php?rest_route=%2Fwp%2Fv2%2Ftags&post=29088"}],"curies":[{"name":"wp","href":"https:\/\/api.w.org\/{rel}","templated":true}]}}