{"id":28818,"date":"2023-09-14T18:08:34","date_gmt":"2023-09-14T23:08:34","guid":{"rendered":"https:\/\/yucatan-noticias.com\/?p=28818"},"modified":"2023-09-14T23:08:52","modified_gmt":"2023-09-14T23:08:52","slug":"mexico-expresa-gran-preocupacion-por-fallo-que-declara-ilegal-el-daca","status":"publish","type":"post","link":"https:\/\/yucatan-noticias.com\/?p=28818","title":{"rendered":"M\u00e9xico expresa \u2018gran preocupaci\u00f3n\u2019 por fallo que declara ilegal el DACA"},"content":{"rendered":"<h3 style=\"text-align: center;\"><span class=\"f4_article-info__excerpt entry-summary\">El DACA favorecer\u00eda a medio mill\u00f3n de beneficiarios del amparo migratorio en EU, permitiendo la estancia sin miedo a la deportaci\u00f3n.<\/span><\/h3>\n<p>El Gobierno de M\u00e9xico expres\u00f3 este jueves su \u201cgran preocupaci\u00f3n\u201d por el fallo de un juez en Estados Unidos que declar\u00f3 ilegal el programa de Acci\u00f3n Diferida para Personas Llegadas en la Infancia (DACA), en el que la mayor\u00eda de beneficiarios son de origen mexicano.<\/p>\n<p>\u201cLa Secretar\u00eda de Relaciones Exteriores (SRE) toma nota con gran preocupaci\u00f3n de la decisi\u00f3n de la Corte Federal para el Distrito Sur de Texas de declarar inconstitucional el programa de Acci\u00f3n Diferida para Personas Llegadas en la Infancia, que impacta a m\u00e1s de 580,000 personas, en su gran mayor\u00eda mexicanas\u201d, indic\u00f3 la Canciller\u00eda en un pronunciamiento.<\/p>\n<div id=\"standard_4\" class=\"st-placement standard_4 inArticle\">\n<p>El Gobierno mexicano reaccion\u00f3 al fallo que desestim\u00f3 el mi\u00e9rcoles el intento de la Administraci\u00f3n de Joe Biden de registrar el plan en la ley federal con la esperanza de protegerlo ante las demandas en su contra y de favorecer as\u00ed a los m\u00e1s de medio mill\u00f3n de beneficiarios del amparo migratorio.<\/p>\n<p>DACA, que comenz\u00f3 en el Gobierno de Barack Obama (2009-2017), ha permitido a m\u00e1s de medio mill\u00f3n de migrantes que llegaron a Estados Unidos cuando eran menores de edad permanecer y trabajar en el pa\u00eds sin miedo a la deportaci\u00f3n.<\/p>\n<h2 id=\"h-mexico-expresa-gran-preocupacion-por-fallo-que-declara-ilegal-el-daca\">M\u00e9xico expresa \u2018gran preocupaci\u00f3n\u2019 por fallo que declara ilegal el DACA<\/h2>\n<p>La Canciller\u00eda mexicana defendi\u00f3 que \u201clas personas beneficiarias de DACA han contribuido de manera significativa al desarrollo econ\u00f3mico, social y cultural de Estados Unidos, y representan un v\u00ednculo invaluable\u201d con M\u00e9xico.<\/p>\n<p class=\"fi-aic_90\">Por ello, ofreci\u00f3 \u201cseguimiento puntual al proceso judicial que esta decisi\u00f3n implica\u201d y un acercamiento con los \u201cdreamers\u201d, como se le llama a los beneficiarios del programa.<\/p>\n<p>Tambi\u00e9n prometi\u00f3 apoyo a los interesados mediante el Programa de Asesor\u00edas Legales Externas (PALE), por lo que invit\u00f3 a acercarse al consulado de M\u00e9xico m\u00e1s cercano.<\/p>\n<p>\u201cA trav\u00e9s de la red consular en Estados Unidos se reforzar\u00e1n las acciones de asistencia y protecci\u00f3n consular a esta poblaci\u00f3n a trav\u00e9s de asistencia legal, diagn\u00f3sticos migratorios y posibles apoyos econ\u00f3micos a partir de las necesidades en cada caso\u201d, indic\u00f3 la SRE.<\/p>\n<p class=\"fi-aic_90\">DACA comenz\u00f3 como una medida temporal, pero el presidente Donald Trump (2017-2021) decidi\u00f3 terminarlo en el primer a\u00f1o de su mandato, lo que desencaden\u00f3 un efecto domin\u00f3 de demandas y contrademandas en cortes que llevaron a la situaci\u00f3n actual.<\/p>\n<\/div>\n","protected":false},"excerpt":{"rendered":"<p>El DACA favorecer\u00eda a medio mill\u00f3n de beneficiarios del amparo migratorio en EU, permitiendo la&#8230;<\/p>\n","protected":false},"author":1,"featured_media":28820,"comment_status":"open","ping_status":"closed","sticky":false,"template":"","format":"standard","meta":{"footnotes":""},"categories":[2],"tags":[],"class_list":["post-28818","post","type-post","status-publish","format-standard","has-post-thumbnail","hentry","category-nacional"],"_links":{"self":[{"href":"https:\/\/yucatan-noticias.com\/index.php?rest_route=\/wp\/v2\/posts\/28818","targetHints":{"allow":["GET"]}}],"collection":[{"href":"https:\/\/yucatan-noticias.com\/index.php?rest_route=\/wp\/v2\/posts"}],"about":[{"href":"https:\/\/yucatan-noticias.com\/index.php?rest_route=\/wp\/v2\/types\/post"}],"author":[{"embeddable":true,"href":"https:\/\/yucatan-noticias.com\/index.php?rest_route=\/wp\/v2\/users\/1"}],"replies":[{"embeddable":true,"href":"https:\/\/yucatan-noticias.com\/index.php?rest_route=%2Fwp%2Fv2%2Fcomments&post=28818"}],"version-history":[{"count":1,"href":"https:\/\/yucatan-noticias.com\/index.php?rest_route=\/wp\/v2\/posts\/28818\/revisions"}],"predecessor-version":[{"id":28819,"href":"https:\/\/yucatan-noticias.com\/index.php?rest_route=\/wp\/v2\/posts\/28818\/revisions\/28819"}],"wp:featuredmedia":[{"embeddable":true,"href":"https:\/\/yucatan-noticias.com\/index.php?rest_route=\/wp\/v2\/media\/28820"}],"wp:attachment":[{"href":"https:\/\/yucatan-noticias.com\/index.php?rest_route=%2Fwp%2Fv2%2Fmedia&parent=28818"}],"wp:term":[{"taxonomy":"category","embeddable":true,"href":"https:\/\/yucatan-noticias.com\/index.php?rest_route=%2Fwp%2Fv2%2Fcategories&post=28818"},{"taxonomy":"post_tag","embeddable":true,"href":"https:\/\/yucatan-noticias.com\/index.php?rest_route=%2Fwp%2Fv2%2Ftags&post=28818"}],"curies":[{"name":"wp","href":"https:\/\/api.w.org\/{rel}","templated":true}]}}