{"id":28452,"date":"2023-08-24T16:18:42","date_gmt":"2023-08-24T21:18:42","guid":{"rendered":"https:\/\/yucatan-noticias.com\/?p=28452"},"modified":"2023-08-25T21:19:39","modified_gmt":"2023-08-25T21:19:39","slug":"ritos-de-semana-santa-en-grupos-indigenas-del-noroeste-de-mexico","status":"publish","type":"post","link":"https:\/\/yucatan-noticias.com\/?p=28452","title":{"rendered":"Ritos de Semana Santa en grupos ind\u00edgenas del noroeste de M\u00e9xico"},"content":{"rendered":"<h3 class=\"fotodia-nombre\">Ritos de Semana Santa en grupos ind\u00edgenas del noroeste de M\u00e9xico<\/h3>\n<div class=\"fotodia-footer\">\n<div class=\"fotodia-sumario\">\n<p>Para muchas de las comunidades ind\u00edgenas de nuestro pa\u00eds, la Semana Santa representa una de las festividades m\u00e1s importantes. Durante este periodo, se realizan ceremonias que integran tanto la cosmovisi\u00f3n ancestral de estas sociedades, como pr\u00e1cticas y rituales cat\u00f3licos que llevados por los misioneros. En la regi\u00f3n noroeste de M\u00e9xico, diversos grupos como yoremes, yaquis, rar\u00e1muris, warih\u00f3 y los o\u2019ob han adoptado diferentes tradiciones que, sin embargo, mantienen puntos en com\u00fan.<\/p>\n<p>La figura del fariseo, conocidos tambi\u00e9n en algunas regiones como jud\u00edos, quienes representan un ej\u00e9rcito maligno en b\u00fasqueda del hijo de Dios; las ramadas, en las que se hace un mont\u00edculo de tierra, colocando una cruz, lugar que representa la guardia y el poder militar de esta iglesia; o el conti (procesi\u00f3n ritual), realizada cada viernes de la cuaresma, que representa la b\u00fasqueda y persecuci\u00f3n de Cristo.<\/p>\n<\/div>\n<\/div>\n","protected":false},"excerpt":{"rendered":"<p>Ritos de Semana Santa en grupos ind\u00edgenas del noroeste de M\u00e9xico Para muchas de las&#8230;<\/p>\n","protected":false},"author":1,"featured_media":28454,"comment_status":"open","ping_status":"closed","sticky":false,"template":"","format":"standard","meta":{"footnotes":""},"categories":[4],"tags":[],"class_list":["post-28452","post","type-post","status-publish","format-standard","has-post-thumbnail","hentry","category-local"],"_links":{"self":[{"href":"https:\/\/yucatan-noticias.com\/index.php?rest_route=\/wp\/v2\/posts\/28452","targetHints":{"allow":["GET"]}}],"collection":[{"href":"https:\/\/yucatan-noticias.com\/index.php?rest_route=\/wp\/v2\/posts"}],"about":[{"href":"https:\/\/yucatan-noticias.com\/index.php?rest_route=\/wp\/v2\/types\/post"}],"author":[{"embeddable":true,"href":"https:\/\/yucatan-noticias.com\/index.php?rest_route=\/wp\/v2\/users\/1"}],"replies":[{"embeddable":true,"href":"https:\/\/yucatan-noticias.com\/index.php?rest_route=%2Fwp%2Fv2%2Fcomments&post=28452"}],"version-history":[{"count":1,"href":"https:\/\/yucatan-noticias.com\/index.php?rest_route=\/wp\/v2\/posts\/28452\/revisions"}],"predecessor-version":[{"id":28453,"href":"https:\/\/yucatan-noticias.com\/index.php?rest_route=\/wp\/v2\/posts\/28452\/revisions\/28453"}],"wp:featuredmedia":[{"embeddable":true,"href":"https:\/\/yucatan-noticias.com\/index.php?rest_route=\/wp\/v2\/media\/28454"}],"wp:attachment":[{"href":"https:\/\/yucatan-noticias.com\/index.php?rest_route=%2Fwp%2Fv2%2Fmedia&parent=28452"}],"wp:term":[{"taxonomy":"category","embeddable":true,"href":"https:\/\/yucatan-noticias.com\/index.php?rest_route=%2Fwp%2Fv2%2Fcategories&post=28452"},{"taxonomy":"post_tag","embeddable":true,"href":"https:\/\/yucatan-noticias.com\/index.php?rest_route=%2Fwp%2Fv2%2Ftags&post=28452"}],"curies":[{"name":"wp","href":"https:\/\/api.w.org\/{rel}","templated":true}]}}