{"id":27612,"date":"2023-07-14T15:28:29","date_gmt":"2023-07-14T20:28:29","guid":{"rendered":"https:\/\/yucatan-noticias.com\/?p=27612"},"modified":"2023-07-14T20:28:45","modified_gmt":"2023-07-14T20:28:45","slug":"sismo-de-6-3-grados-en-el-sur-de-mexico-no-se-reportan-danos","status":"publish","type":"post","link":"https:\/\/yucatan-noticias.com\/?p=27612","title":{"rendered":"Sismo de 6.3 grados en el sur de M\u00e9xico, no se reportan da\u00f1os"},"content":{"rendered":"<p>Un sismo de intensidad 6,3 hizo temblar el viernes por la ma\u00f1ana Chiapas, el estado del sur de M\u00e9xico fronterizo con Guatemala, sin que las autoridades reportaran da\u00f1os graves ni personales.<\/p>\n<p>Seg\u00fan el Instituto Geol\u00f3gico de Estados Unidos el epicentro estuvo en el Pac\u00edfico a 87 kil\u00f3metros de la costa de El Palmarcito y tuvo una profundidad de 35 kil\u00f3metros.<\/p>\n<p>El Servicio de Protecci\u00f3n Civil del estado activ\u00f3 un monitoreo por la zona de forma inmediata y, seg\u00fan dijo en su cuenta oficial de Twitter, no se reportaron \u201cda\u00f1os materiales ni personas lesionadas o p\u00e9rdidas humanas que lamentar\u201d.<\/p>\n<article class=\"story\">\n<div class=\"ct-rich-text-children font-body font-normal text-lg leading-7.75 text-primary-text-color clearfix mb-10 md:max-w-170 md:mx-auto\" data-element=\"story-body\" data-dateline=\"\" data-subscriber-content=\"\">\n<p>La zona m\u00e1s cercana al epicentro es un \u00e1rea de pescadores sobre la frontera con Guatemala.<\/p>\n<\/div>\n<\/article>\n","protected":false},"excerpt":{"rendered":"<p>Un sismo de intensidad 6,3 hizo temblar el viernes por la ma\u00f1ana Chiapas, el estado&#8230;<\/p>\n","protected":false},"author":1,"featured_media":27614,"comment_status":"open","ping_status":"closed","sticky":false,"template":"","format":"standard","meta":{"footnotes":""},"categories":[2],"tags":[],"class_list":["post-27612","post","type-post","status-publish","format-standard","has-post-thumbnail","hentry","category-nacional"],"_links":{"self":[{"href":"https:\/\/yucatan-noticias.com\/index.php?rest_route=\/wp\/v2\/posts\/27612","targetHints":{"allow":["GET"]}}],"collection":[{"href":"https:\/\/yucatan-noticias.com\/index.php?rest_route=\/wp\/v2\/posts"}],"about":[{"href":"https:\/\/yucatan-noticias.com\/index.php?rest_route=\/wp\/v2\/types\/post"}],"author":[{"embeddable":true,"href":"https:\/\/yucatan-noticias.com\/index.php?rest_route=\/wp\/v2\/users\/1"}],"replies":[{"embeddable":true,"href":"https:\/\/yucatan-noticias.com\/index.php?rest_route=%2Fwp%2Fv2%2Fcomments&post=27612"}],"version-history":[{"count":1,"href":"https:\/\/yucatan-noticias.com\/index.php?rest_route=\/wp\/v2\/posts\/27612\/revisions"}],"predecessor-version":[{"id":27613,"href":"https:\/\/yucatan-noticias.com\/index.php?rest_route=\/wp\/v2\/posts\/27612\/revisions\/27613"}],"wp:featuredmedia":[{"embeddable":true,"href":"https:\/\/yucatan-noticias.com\/index.php?rest_route=\/wp\/v2\/media\/27614"}],"wp:attachment":[{"href":"https:\/\/yucatan-noticias.com\/index.php?rest_route=%2Fwp%2Fv2%2Fmedia&parent=27612"}],"wp:term":[{"taxonomy":"category","embeddable":true,"href":"https:\/\/yucatan-noticias.com\/index.php?rest_route=%2Fwp%2Fv2%2Fcategories&post=27612"},{"taxonomy":"post_tag","embeddable":true,"href":"https:\/\/yucatan-noticias.com\/index.php?rest_route=%2Fwp%2Fv2%2Ftags&post=27612"}],"curies":[{"name":"wp","href":"https:\/\/api.w.org\/{rel}","templated":true}]}}