{"id":26697,"date":"2023-06-16T19:21:03","date_gmt":"2023-06-17T00:21:03","guid":{"rendered":"https:\/\/notidirectoplayadelcarmen.com\/?p=26697"},"modified":"2023-06-16T19:21:03","modified_gmt":"2023-06-17T00:21:03","slug":"pensando-en-el-titulo-los-tigres-arrancan-su-pretemporada","status":"publish","type":"post","link":"https:\/\/yucatan-noticias.com\/?p=26697","title":{"rendered":"Pensando en el t\u00edtulo: los Tigres arrancan su pretemporada"},"content":{"rendered":"<h4 class=\"sht__summary \" style=\"text-align: center;\">La pretemporada arranc\u00f3 intensa para el campe\u00f3n del f\u00fatbol mexicano. Los futbolistas se dispusieron a realizar los trabajos intensos en la pretemporada en Playa del Carmen.<\/h4>\n<div class=\"st-sidebar__content f mt-20 mb-20\">\n<div class=\"st-sidebar__main\" role=\"main\">\n<div class=\" htmlContainer overflow-x-auto overflow-y-hidden \">\n<div>\n<p class=\"story-contents__font-paragraph \"><b>Toda etapa ser\u00e1 dura, pero el fruto que vendr\u00e1 ser\u00e1 en base al esfuerzo hecho. Los\u00a0<\/b><b>Tigres\u00a0<\/b><b>iniciaron el viernes con un trabajo en el gimnasio de su hotel de concentraci\u00f3n, desde las 6:30 de la ma\u00f1ana. Posteriormente, los futbolistas saltaron al campo de f\u00fatbol, donde ya el intenso sol desde las 7:15 horas, tiempo local (una hora menos en Monterrey), con 30 grados, una sensaci\u00f3n t\u00e9rmica de 34, y una humedad por encima del 75 por ciento, el plantel felino se dispuso a iniciar el trabajo f\u00edsico de la pretemporada.<\/b><\/p>\n<div class=\"content_gpt_caja3\">\n<div id=\"gpt_caja3\" data-ads-name=\"\/28253241\/depor\/web\/post\/mexico\/caja3\" data-ads-dimensions-m=\"[[300, 100], [320, 50], [300, 50], [320, 100], [300, 250]]\" data-bloque=\"3\" data-prebid-enabled=\"true\">\n<p class=\"story-contents__font-paragraph \">Bajo las indicaciones del portugu\u00e9s \u00d3scar Tojo y Juan Rodr\u00edguez, encargados del aspecto f\u00edsico del plantel, los jugadores se dispusieron a realizar los trabajos intensos en la pretemporada en Playa del Carmen<\/p>\n<p class=\"story-contents__font-paragraph \">Despu\u00e9s de unos 15 minutos, Robert Dante Siboldi y Miguel de Jes\u00fas Fuentes entraron en acci\u00f3n y pusieron trabajo con bal\u00f3n, pero con mucha din\u00e1mica. \u201c\u00a1<i><b>Vamos muchachos, hay que tocar r\u00e1pido, moverse, no hay que estar parados, tocando y movi\u00e9ndose!\u201d<\/b><\/i>.<\/p>\n<div class=\"content_gpt_inline\"><\/div>\n<p class=\"story-contents__font-paragraph \">Despu\u00e9s de estos ejercicios, se hicieron grupos para jugar en espacios reducidos. La pr\u00e1ctica termin\u00f3 cerca de las 9:00 horas (8:00 de Monterey) y por la tarde volver\u00e1n a trabajar en punto de las 17:30 horas.<\/p>\n<p class=\"story-contents__font-paragraph \">Asimismo, el\u00a0<b>club Tigres<\/b>\u00a0tambi\u00e9n hizo la presentaci\u00f3n de su\u00a0<b>nueva indumentaria<\/b>\u00a0para la temporada 2023-2024. El estreno de su nueva piel se realizar\u00e1 el pr\u00f3ximo 25 de junio en el partido por el Campe\u00f3n de campeones ante los Tuzos del Pachuca.<\/p>\n<\/div>\n<\/div>\n<\/div>\n<\/div>\n<div class=\"s-multimedia\"><\/div>\n<\/div>\n<\/div>\n","protected":false},"excerpt":{"rendered":"<p>La pretemporada arranc\u00f3 intensa para el campe\u00f3n del f\u00fatbol mexicano. Los futbolistas se dispusieron a&#8230;<\/p>\n","protected":false},"author":1,"featured_media":26699,"comment_status":"open","ping_status":"closed","sticky":false,"template":"","format":"standard","meta":{"footnotes":""},"categories":[4],"tags":[],"class_list":["post-26697","post","type-post","status-publish","format-standard","has-post-thumbnail","hentry","category-local"],"_links":{"self":[{"href":"https:\/\/yucatan-noticias.com\/index.php?rest_route=\/wp\/v2\/posts\/26697","targetHints":{"allow":["GET"]}}],"collection":[{"href":"https:\/\/yucatan-noticias.com\/index.php?rest_route=\/wp\/v2\/posts"}],"about":[{"href":"https:\/\/yucatan-noticias.com\/index.php?rest_route=\/wp\/v2\/types\/post"}],"author":[{"embeddable":true,"href":"https:\/\/yucatan-noticias.com\/index.php?rest_route=\/wp\/v2\/users\/1"}],"replies":[{"embeddable":true,"href":"https:\/\/yucatan-noticias.com\/index.php?rest_route=%2Fwp%2Fv2%2Fcomments&post=26697"}],"version-history":[{"count":0,"href":"https:\/\/yucatan-noticias.com\/index.php?rest_route=\/wp\/v2\/posts\/26697\/revisions"}],"wp:featuredmedia":[{"embeddable":true,"href":"https:\/\/yucatan-noticias.com\/index.php?rest_route=\/wp\/v2\/media\/26699"}],"wp:attachment":[{"href":"https:\/\/yucatan-noticias.com\/index.php?rest_route=%2Fwp%2Fv2%2Fmedia&parent=26697"}],"wp:term":[{"taxonomy":"category","embeddable":true,"href":"https:\/\/yucatan-noticias.com\/index.php?rest_route=%2Fwp%2Fv2%2Fcategories&post=26697"},{"taxonomy":"post_tag","embeddable":true,"href":"https:\/\/yucatan-noticias.com\/index.php?rest_route=%2Fwp%2Fv2%2Ftags&post=26697"}],"curies":[{"name":"wp","href":"https:\/\/api.w.org\/{rel}","templated":true}]}}